{"id":2021,"date":"2022-08-16T16:50:29","date_gmt":"2022-08-16T16:50:29","guid":{"rendered":"http:\/\/localhost\/chelita\/?p=2021"},"modified":"2022-08-16T16:50:32","modified_gmt":"2022-08-16T16:50:32","slug":"desde-sonora","status":"publish","type":"post","link":"https:\/\/www.chelitatravel.com\/en\/desde-sonora\/","title":{"rendered":"Desde Sonora\u2026"},"content":{"rendered":"","protected":false},"excerpt":{"rendered":"<p>Ellos son Tere y Mart\u00edn, una pareja que nos visita desde Sonora. Ha sido un placer disfrutar de un recorrido guiado por la m\u00edtica ciudad de Edzn\u00e1. ??\u2764<\/p>\n<p>\u00a1Gracias por confiar en Chelita!?\u2728<\/p>","protected":false},"author":1,"featured_media":2022,"comment_status":"open","ping_status":"open","sticky":false,"template":"","format":"standard","meta":{"_et_pb_use_builder":"","_et_pb_old_content":"","_et_gb_content_width":"","footnotes":""},"categories":[92],"tags":[34],"class_list":["post-2021","post","type-post","status-publish","format-standard","has-post-thumbnail","hentry","category-viajerofelices","tag-edzna"],"yoast_head":"<!-- This site is optimized with the Yoast SEO plugin v26.9 - https:\/\/yoast.com\/product\/yoast-seo-wordpress\/ -->\n<title>Desde Sonora\u2026 - Chelita Travel<\/title>\n<meta name=\"description\" content=\"Ellos son Tere y Mart\u00edn, una pareja que nos visita desde Sonora. Ha sido un placer disfrutar de un recorrido guiado por la m\u00edtica ciudad de Edzn\u00e1. ??\u2764 \u00a1Gracias por confiar en Chelita!?\u2728\" \/>\n<meta name=\"robots\" content=\"index, follow, max-snippet:-1, max-image-preview:large, max-video-preview:-1\" \/>\n<link rel=\"canonical\" href=\"https:\/\/www.chelitatravel.com\/en\/desde-sonora\/\" \/>\n<meta property=\"og:locale\" content=\"en_US\" \/>\n<meta property=\"og:type\" content=\"article\" \/>\n<meta property=\"og:title\" content=\"Desde Sonora\u2026 - Chelita Travel\" \/>\n<meta property=\"og:description\" content=\"Ellos son Tere y Mart\u00edn, una pareja que nos visita desde Sonora. Ha sido un placer disfrutar de un recorrido guiado por la m\u00edtica ciudad de Edzn\u00e1. ??\u2764 \u00a1Gracias por confiar en Chelita!?\u2728\" \/>\n<meta property=\"og:url\" content=\"https:\/\/www.chelitatravel.com\/en\/desde-sonora\/\" \/>\n<meta property=\"og:site_name\" content=\"Chelita Travel\" \/>\n<meta property=\"article:publisher\" content=\"https:\/\/www.facebook.com\/chelitatravel\" \/>\n<meta property=\"article:published_time\" content=\"2022-08-16T16:50:29+00:00\" \/>\n<meta property=\"article:modified_time\" content=\"2022-08-16T16:50:32+00:00\" \/>\n<meta property=\"og:image\" content=\"https:\/\/www.chelitatravel.com\/wp-content\/uploads\/2022\/08\/viajeros03.jpg\" \/>\n\t<meta property=\"og:image:width\" content=\"1024\" \/>\n\t<meta property=\"og:image:height\" content=\"585\" \/>\n\t<meta property=\"og:image:type\" content=\"image\/jpeg\" \/>\n<meta name=\"author\" content=\"Chelita\" \/>\n<meta name=\"twitter:card\" content=\"summary_large_image\" \/>\n<meta name=\"twitter:label1\" content=\"Written by\" \/>\n\t<meta name=\"twitter:data1\" content=\"Chelita\" \/>\n<script type=\"application\/ld+json\" class=\"yoast-schema-graph\">{\"@context\":\"https:\/\/schema.org\",\"@graph\":[{\"@type\":\"Article\",\"@id\":\"https:\/\/www.chelitatravel.com\/desde-sonora\/#article\",\"isPartOf\":{\"@id\":\"https:\/\/www.chelitatravel.com\/desde-sonora\/\"},\"author\":{\"name\":\"Chelita\",\"@id\":\"https:\/\/www.chelitatravel.com\/#\/schema\/person\/020f9cd23b4e9b638d0d21039152e5d9\"},\"headline\":\"Desde Sonora\u2026\",\"datePublished\":\"2022-08-16T16:50:29+00:00\",\"dateModified\":\"2022-08-16T16:50:32+00:00\",\"mainEntityOfPage\":{\"@id\":\"https:\/\/www.chelitatravel.com\/desde-sonora\/\"},\"wordCount\":2,\"commentCount\":0,\"publisher\":{\"@id\":\"https:\/\/www.chelitatravel.com\/#organization\"},\"image\":{\"@id\":\"https:\/\/www.chelitatravel.com\/desde-sonora\/#primaryimage\"},\"thumbnailUrl\":\"https:\/\/www.chelitatravel.com\/wp-content\/uploads\/2022\/08\/viajeros03.jpg\",\"keywords\":[\"edzna\"],\"articleSection\":[\"Viajeros felices\"],\"inLanguage\":\"en-US\",\"potentialAction\":[{\"@type\":\"CommentAction\",\"name\":\"Comment\",\"target\":[\"https:\/\/www.chelitatravel.com\/desde-sonora\/#respond\"]}]},{\"@type\":\"WebPage\",\"@id\":\"https:\/\/www.chelitatravel.com\/desde-sonora\/\",\"url\":\"https:\/\/www.chelitatravel.com\/desde-sonora\/\",\"name\":\"Desde Sonora\u2026 - Chelita Travel\",\"isPartOf\":{\"@id\":\"https:\/\/www.chelitatravel.com\/#website\"},\"primaryImageOfPage\":{\"@id\":\"https:\/\/www.chelitatravel.com\/desde-sonora\/#primaryimage\"},\"image\":{\"@id\":\"https:\/\/www.chelitatravel.com\/desde-sonora\/#primaryimage\"},\"thumbnailUrl\":\"https:\/\/www.chelitatravel.com\/wp-content\/uploads\/2022\/08\/viajeros03.jpg\",\"datePublished\":\"2022-08-16T16:50:29+00:00\",\"dateModified\":\"2022-08-16T16:50:32+00:00\",\"description\":\"Ellos son Tere y Mart\u00edn, una pareja que nos visita desde Sonora. Ha sido un placer disfrutar de un recorrido guiado por la m\u00edtica ciudad de Edzn\u00e1. ??\u2764 \u00a1Gracias por confiar en Chelita!?\u2728\",\"breadcrumb\":{\"@id\":\"https:\/\/www.chelitatravel.com\/desde-sonora\/#breadcrumb\"},\"inLanguage\":\"en-US\",\"potentialAction\":[{\"@type\":\"ReadAction\",\"target\":[\"https:\/\/www.chelitatravel.com\/desde-sonora\/\"]}]},{\"@type\":\"ImageObject\",\"inLanguage\":\"en-US\",\"@id\":\"https:\/\/www.chelitatravel.com\/desde-sonora\/#primaryimage\",\"url\":\"https:\/\/www.chelitatravel.com\/wp-content\/uploads\/2022\/08\/viajeros03.jpg\",\"contentUrl\":\"https:\/\/www.chelitatravel.com\/wp-content\/uploads\/2022\/08\/viajeros03.jpg\",\"width\":1024,\"height\":585},{\"@type\":\"BreadcrumbList\",\"@id\":\"https:\/\/www.chelitatravel.com\/desde-sonora\/#breadcrumb\",\"itemListElement\":[{\"@type\":\"ListItem\",\"position\":1,\"name\":\"Inicio\",\"item\":\"https:\/\/www.chelitatravel.com\/\"},{\"@type\":\"ListItem\",\"position\":2,\"name\":\"Desde Sonora\u2026\"}]},{\"@type\":\"WebSite\",\"@id\":\"https:\/\/www.chelitatravel.com\/#website\",\"url\":\"https:\/\/www.chelitatravel.com\/\",\"name\":\"chelitatravel.com\",\"description\":\"Te guiamos a conocer el sureste de M\u00e9xico, deja guiarte con nuestros tours privados y personalizados\",\"publisher\":{\"@id\":\"https:\/\/www.chelitatravel.com\/#organization\"},\"alternateName\":\"Chelita travel\",\"potentialAction\":[{\"@type\":\"SearchAction\",\"target\":{\"@type\":\"EntryPoint\",\"urlTemplate\":\"https:\/\/www.chelitatravel.com\/?s={search_term_string}\"},\"query-input\":{\"@type\":\"PropertyValueSpecification\",\"valueRequired\":true,\"valueName\":\"search_term_string\"}}],\"inLanguage\":\"en-US\"},{\"@type\":\"Organization\",\"@id\":\"https:\/\/www.chelitatravel.com\/#organization\",\"name\":\"Chelita Travel\",\"url\":\"https:\/\/www.chelitatravel.com\/\",\"logo\":{\"@type\":\"ImageObject\",\"inLanguage\":\"en-US\",\"@id\":\"https:\/\/www.chelitatravel.com\/#\/schema\/logo\/image\/\",\"url\":\"https:\/\/www.chelitatravel.com\/wp-content\/uploads\/2022\/07\/cropped-chelita_logo.png\",\"contentUrl\":\"https:\/\/www.chelitatravel.com\/wp-content\/uploads\/2022\/07\/cropped-chelita_logo.png\",\"width\":512,\"height\":512,\"caption\":\"Chelita Travel\"},\"image\":{\"@id\":\"https:\/\/www.chelitatravel.com\/#\/schema\/logo\/image\/\"},\"sameAs\":[\"https:\/\/www.facebook.com\/chelitatravel\",\"https:\/\/www.instagram.com\/chelitatravel\/\"]},{\"@type\":\"Person\",\"@id\":\"https:\/\/www.chelitatravel.com\/#\/schema\/person\/020f9cd23b4e9b638d0d21039152e5d9\",\"name\":\"Chelita\",\"image\":{\"@type\":\"ImageObject\",\"inLanguage\":\"en-US\",\"@id\":\"https:\/\/www.chelitatravel.com\/#\/schema\/person\/image\/\",\"url\":\"https:\/\/secure.gravatar.com\/avatar\/6486622bfa0a133065fdd7dd7b3b5170dde10046f3eda4d4a96418108821eed9?s=96&d=mm&r=g\",\"contentUrl\":\"https:\/\/secure.gravatar.com\/avatar\/6486622bfa0a133065fdd7dd7b3b5170dde10046f3eda4d4a96418108821eed9?s=96&d=mm&r=g\",\"caption\":\"Chelita\"},\"sameAs\":[\"https:\/\/www.chelitatravel.com\"],\"url\":\"https:\/\/www.chelitatravel.com\/en\/author\/chelita\/\"}]}<\/script>\n<!-- \/ Yoast SEO plugin. -->","yoast_head_json":{"title":"Desde Sonora\u2026 - Chelita Travel","description":"Ellos son Tere y Mart\u00edn, una pareja que nos visita desde Sonora. Ha sido un placer disfrutar de un recorrido guiado por la m\u00edtica ciudad de Edzn\u00e1. ??\u2764 \u00a1Gracias por confiar en Chelita!?\u2728","robots":{"index":"index","follow":"follow","max-snippet":"max-snippet:-1","max-image-preview":"max-image-preview:large","max-video-preview":"max-video-preview:-1"},"canonical":"https:\/\/www.chelitatravel.com\/en\/desde-sonora\/","og_locale":"en_US","og_type":"article","og_title":"Desde Sonora\u2026 - Chelita Travel","og_description":"Ellos son Tere y Mart\u00edn, una pareja que nos visita desde Sonora. Ha sido un placer disfrutar de un recorrido guiado por la m\u00edtica ciudad de Edzn\u00e1. ??\u2764 \u00a1Gracias por confiar en Chelita!?\u2728","og_url":"https:\/\/www.chelitatravel.com\/en\/desde-sonora\/","og_site_name":"Chelita Travel","article_publisher":"https:\/\/www.facebook.com\/chelitatravel","article_published_time":"2022-08-16T16:50:29+00:00","article_modified_time":"2022-08-16T16:50:32+00:00","og_image":[{"width":1024,"height":585,"url":"https:\/\/www.chelitatravel.com\/wp-content\/uploads\/2022\/08\/viajeros03.jpg","type":"image\/jpeg"}],"author":"Chelita","twitter_card":"summary_large_image","twitter_misc":{"Written by":"Chelita"},"schema":{"@context":"https:\/\/schema.org","@graph":[{"@type":"Article","@id":"https:\/\/www.chelitatravel.com\/desde-sonora\/#article","isPartOf":{"@id":"https:\/\/www.chelitatravel.com\/desde-sonora\/"},"author":{"name":"Chelita","@id":"https:\/\/www.chelitatravel.com\/#\/schema\/person\/020f9cd23b4e9b638d0d21039152e5d9"},"headline":"Desde Sonora\u2026","datePublished":"2022-08-16T16:50:29+00:00","dateModified":"2022-08-16T16:50:32+00:00","mainEntityOfPage":{"@id":"https:\/\/www.chelitatravel.com\/desde-sonora\/"},"wordCount":2,"commentCount":0,"publisher":{"@id":"https:\/\/www.chelitatravel.com\/#organization"},"image":{"@id":"https:\/\/www.chelitatravel.com\/desde-sonora\/#primaryimage"},"thumbnailUrl":"https:\/\/www.chelitatravel.com\/wp-content\/uploads\/2022\/08\/viajeros03.jpg","keywords":["edzna"],"articleSection":["Viajeros felices"],"inLanguage":"en-US","potentialAction":[{"@type":"CommentAction","name":"Comment","target":["https:\/\/www.chelitatravel.com\/desde-sonora\/#respond"]}]},{"@type":"WebPage","@id":"https:\/\/www.chelitatravel.com\/desde-sonora\/","url":"https:\/\/www.chelitatravel.com\/desde-sonora\/","name":"Desde Sonora\u2026 - Chelita Travel","isPartOf":{"@id":"https:\/\/www.chelitatravel.com\/#website"},"primaryImageOfPage":{"@id":"https:\/\/www.chelitatravel.com\/desde-sonora\/#primaryimage"},"image":{"@id":"https:\/\/www.chelitatravel.com\/desde-sonora\/#primaryimage"},"thumbnailUrl":"https:\/\/www.chelitatravel.com\/wp-content\/uploads\/2022\/08\/viajeros03.jpg","datePublished":"2022-08-16T16:50:29+00:00","dateModified":"2022-08-16T16:50:32+00:00","description":"Ellos son Tere y Mart\u00edn, una pareja que nos visita desde Sonora. Ha sido un placer disfrutar de un recorrido guiado por la m\u00edtica ciudad de Edzn\u00e1. ??\u2764 \u00a1Gracias por confiar en Chelita!?\u2728","breadcrumb":{"@id":"https:\/\/www.chelitatravel.com\/desde-sonora\/#breadcrumb"},"inLanguage":"en-US","potentialAction":[{"@type":"ReadAction","target":["https:\/\/www.chelitatravel.com\/desde-sonora\/"]}]},{"@type":"ImageObject","inLanguage":"en-US","@id":"https:\/\/www.chelitatravel.com\/desde-sonora\/#primaryimage","url":"https:\/\/www.chelitatravel.com\/wp-content\/uploads\/2022\/08\/viajeros03.jpg","contentUrl":"https:\/\/www.chelitatravel.com\/wp-content\/uploads\/2022\/08\/viajeros03.jpg","width":1024,"height":585},{"@type":"BreadcrumbList","@id":"https:\/\/www.chelitatravel.com\/desde-sonora\/#breadcrumb","itemListElement":[{"@type":"ListItem","position":1,"name":"Inicio","item":"https:\/\/www.chelitatravel.com\/"},{"@type":"ListItem","position":2,"name":"Desde Sonora\u2026"}]},{"@type":"WebSite","@id":"https:\/\/www.chelitatravel.com\/#website","url":"https:\/\/www.chelitatravel.com\/","name":"chelitatravel.com","description":"Te guiamos a conocer el sureste de M\u00e9xico, deja guiarte con nuestros tours privados y personalizados","publisher":{"@id":"https:\/\/www.chelitatravel.com\/#organization"},"alternateName":"Chelita travel","potentialAction":[{"@type":"SearchAction","target":{"@type":"EntryPoint","urlTemplate":"https:\/\/www.chelitatravel.com\/?s={search_term_string}"},"query-input":{"@type":"PropertyValueSpecification","valueRequired":true,"valueName":"search_term_string"}}],"inLanguage":"en-US"},{"@type":"Organization","@id":"https:\/\/www.chelitatravel.com\/#organization","name":"Chelita Travel","url":"https:\/\/www.chelitatravel.com\/","logo":{"@type":"ImageObject","inLanguage":"en-US","@id":"https:\/\/www.chelitatravel.com\/#\/schema\/logo\/image\/","url":"https:\/\/www.chelitatravel.com\/wp-content\/uploads\/2022\/07\/cropped-chelita_logo.png","contentUrl":"https:\/\/www.chelitatravel.com\/wp-content\/uploads\/2022\/07\/cropped-chelita_logo.png","width":512,"height":512,"caption":"Chelita Travel"},"image":{"@id":"https:\/\/www.chelitatravel.com\/#\/schema\/logo\/image\/"},"sameAs":["https:\/\/www.facebook.com\/chelitatravel","https:\/\/www.instagram.com\/chelitatravel\/"]},{"@type":"Person","@id":"https:\/\/www.chelitatravel.com\/#\/schema\/person\/020f9cd23b4e9b638d0d21039152e5d9","name":"Chelita","image":{"@type":"ImageObject","inLanguage":"en-US","@id":"https:\/\/www.chelitatravel.com\/#\/schema\/person\/image\/","url":"https:\/\/secure.gravatar.com\/avatar\/6486622bfa0a133065fdd7dd7b3b5170dde10046f3eda4d4a96418108821eed9?s=96&d=mm&r=g","contentUrl":"https:\/\/secure.gravatar.com\/avatar\/6486622bfa0a133065fdd7dd7b3b5170dde10046f3eda4d4a96418108821eed9?s=96&d=mm&r=g","caption":"Chelita"},"sameAs":["https:\/\/www.chelitatravel.com"],"url":"https:\/\/www.chelitatravel.com\/en\/author\/chelita\/"}]}},"_links":{"self":[{"href":"https:\/\/www.chelitatravel.com\/en\/wp-json\/wp\/v2\/posts\/2021","targetHints":{"allow":["GET"]}}],"collection":[{"href":"https:\/\/www.chelitatravel.com\/en\/wp-json\/wp\/v2\/posts"}],"about":[{"href":"https:\/\/www.chelitatravel.com\/en\/wp-json\/wp\/v2\/types\/post"}],"author":[{"embeddable":true,"href":"https:\/\/www.chelitatravel.com\/en\/wp-json\/wp\/v2\/users\/1"}],"replies":[{"embeddable":true,"href":"https:\/\/www.chelitatravel.com\/en\/wp-json\/wp\/v2\/comments?post=2021"}],"version-history":[{"count":1,"href":"https:\/\/www.chelitatravel.com\/en\/wp-json\/wp\/v2\/posts\/2021\/revisions"}],"predecessor-version":[{"id":2023,"href":"https:\/\/www.chelitatravel.com\/en\/wp-json\/wp\/v2\/posts\/2021\/revisions\/2023"}],"wp:featuredmedia":[{"embeddable":true,"href":"https:\/\/www.chelitatravel.com\/en\/wp-json\/wp\/v2\/media\/2022"}],"wp:attachment":[{"href":"https:\/\/www.chelitatravel.com\/en\/wp-json\/wp\/v2\/media?parent=2021"}],"wp:term":[{"taxonomy":"category","embeddable":true,"href":"https:\/\/www.chelitatravel.com\/en\/wp-json\/wp\/v2\/categories?post=2021"},{"taxonomy":"post_tag","embeddable":true,"href":"https:\/\/www.chelitatravel.com\/en\/wp-json\/wp\/v2\/tags?post=2021"}],"curies":[{"name":"wp","href":"https:\/\/api.w.org\/{rel}","templated":true}]}}